{"id":823,"date":"2018-12-26T09:16:06","date_gmt":"2018-12-26T12:16:06","guid":{"rendered":"https:\/\/isfd77-bue.infd.edu.ar\/sitio\/?p=823"},"modified":"2018-12-26T09:16:06","modified_gmt":"2018-12-26T12:16:06","slug":"material-para-el-taller-introductorio-2019","status":"publish","type":"post","link":"https:\/\/isfd77-bue.infd.edu.ar\/sitio\/material-para-el-taller-introductorio-2019\/","title":{"rendered":"Material para el taller introductorio 2019"},"content":{"rendered":"<p>Ponemos en conocimiento el m\u00f3dulo de alfabetizaci\u00f3n acad\u00e9mica y tecnol\u00f3gica para el Taller Inicial 2019.<\/p>\n<p>Se trata del material te\u00f3rico que leeremos y trabajaremos junto a todos los ingresantes.<\/p>\n<p>Pueden tenerlo en formato papel, en sus tel\u00e9fonos m\u00f3viles u otros dispositivos o\u00a0 ir resumiendo. Todas las clases se trabajar\u00e1n junto a docentes. Quiz\u00e1s quieran ir conoci\u00e9ndolo en sus ratos de ocio.<\/p>\n<p>Nos estaremos viendo.<\/p>\n<p>Felices vacaciones<\/p>\n<p>Rosana Sfeir<\/p>\n<p><a href=\"https:\/\/isfd77-bue.infd.edu.ar\/sitio\/wp-content\/uploads\/2018\/12\/Taller-Alfabetizaci\u00f3n-Acad\u00e9mica-y-Tecnol\u00f3gica-2019.pdf\">Taller Alfabetizaci\u00f3n Acad\u00e9mica y Tecnol\u00f3gica &#8211; 2019<\/a><\/p>\n<p>&nbsp;<\/p>\n","protected":false},"excerpt":{"rendered":"<p>Ponemos en conocimiento el m\u00f3dulo de alfabetizaci\u00f3n acad\u00e9mica y tecnol\u00f3gica para el Taller Inicial 2019. Se trata del material te\u00f3rico que leeremos y trabajaremos junto a todos los ingresantes. Pueden tenerlo en formato papel, en sus tel\u00e9fonos m\u00f3viles u otros dispositivos o\u00a0 ir resumiendo. Todas las clases se trabajar\u00e1n junto a docentes. Quiz\u00e1s quieran ir &#8230; <a title=\"Material para el taller introductorio 2019\" class=\"read-more\" href=\"https:\/\/isfd77-bue.infd.edu.ar\/sitio\/material-para-el-taller-introductorio-2019\/\" aria-label=\"More on Material para el taller introductorio 2019\">[+]<\/a><\/p>\n","protected":false},"author":1287,"featured_media":0,"comment_status":"open","ping_status":"open","sticky":false,"template":"","format":"status","meta":[],"categories":[8,6],"tags":[],"acf":[],"_links":{"self":[{"href":"https:\/\/isfd77-bue.infd.edu.ar\/sitio\/wp-json\/wp\/v2\/posts\/823"}],"collection":[{"href":"https:\/\/isfd77-bue.infd.edu.ar\/sitio\/wp-json\/wp\/v2\/posts"}],"about":[{"href":"https:\/\/isfd77-bue.infd.edu.ar\/sitio\/wp-json\/wp\/v2\/types\/post"}],"author":[{"embeddable":true,"href":"https:\/\/isfd77-bue.infd.edu.ar\/sitio\/wp-json\/wp\/v2\/users\/1287"}],"replies":[{"embeddable":true,"href":"https:\/\/isfd77-bue.infd.edu.ar\/sitio\/wp-json\/wp\/v2\/comments?post=823"}],"version-history":[{"count":2,"href":"https:\/\/isfd77-bue.infd.edu.ar\/sitio\/wp-json\/wp\/v2\/posts\/823\/revisions"}],"predecessor-version":[{"id":838,"href":"https:\/\/isfd77-bue.infd.edu.ar\/sitio\/wp-json\/wp\/v2\/posts\/823\/revisions\/838"}],"wp:attachment":[{"href":"https:\/\/isfd77-bue.infd.edu.ar\/sitio\/wp-json\/wp\/v2\/media?parent=823"}],"wp:term":[{"taxonomy":"category","embeddable":true,"href":"https:\/\/isfd77-bue.infd.edu.ar\/sitio\/wp-json\/wp\/v2\/categories?post=823"},{"taxonomy":"post_tag","embeddable":true,"href":"https:\/\/isfd77-bue.infd.edu.ar\/sitio\/wp-json\/wp\/v2\/tags?post=823"}],"curies":[{"name":"wp","href":"https:\/\/api.w.org\/{rel}","templated":true}]}}