{"id":896,"date":"2019-02-14T11:05:48","date_gmt":"2019-02-14T14:05:48","guid":{"rendered":"https:\/\/isfd77-bue.infd.edu.ar\/sitio\/?p=896"},"modified":"2019-02-14T11:10:28","modified_gmt":"2019-02-14T14:10:28","slug":"se-realizo-la-charla-informativa-de-la-carrera-comunicacion-social","status":"publish","type":"post","link":"https:\/\/isfd77-bue.infd.edu.ar\/sitio\/se-realizo-la-charla-informativa-de-la-carrera-comunicacion-social\/","title":{"rendered":"Se realiz\u00f3 la charla informativa de la carrera Comunicaci\u00f3n Social"},"content":{"rendered":"<p>El d\u00eda 12 de febrero se realiz\u00f3 la charla informativa de la carrera Comunicaci\u00f3n Social para el desarrollo en el Centro Universitario Vicente L\u00f3pez. Contamos con la presencia de aspirantes,\u00a0 alumnos, egresados y\u00a0 docentes .<\/p>\n<p>Los invito a ver el trabajo de cobertura de\u00a0 la profesora Graciela Pazos en este link<\/p>\n<p>http:\/\/www.novedadesinstitucionales.blogspot.com.ar\/<\/p>\n","protected":false},"excerpt":{"rendered":"<p>El d\u00eda 12 de febrero se realiz\u00f3 la charla informativa de la carrera Comunicaci\u00f3n Social para el desarrollo en el Centro Universitario Vicente L\u00f3pez. Contamos con la presencia de aspirantes,\u00a0 alumnos, egresados y\u00a0 docentes . Los invito a ver el trabajo de cobertura de\u00a0 la profesora Graciela Pazos en este link http:\/\/www.novedadesinstitucionales.blogspot.com.ar\/<\/p>\n","protected":false},"author":1287,"featured_media":0,"comment_status":"open","ping_status":"open","sticky":false,"template":"","format":"standard","meta":[],"categories":[8,7,6],"tags":[],"acf":[],"_links":{"self":[{"href":"https:\/\/isfd77-bue.infd.edu.ar\/sitio\/wp-json\/wp\/v2\/posts\/896"}],"collection":[{"href":"https:\/\/isfd77-bue.infd.edu.ar\/sitio\/wp-json\/wp\/v2\/posts"}],"about":[{"href":"https:\/\/isfd77-bue.infd.edu.ar\/sitio\/wp-json\/wp\/v2\/types\/post"}],"author":[{"embeddable":true,"href":"https:\/\/isfd77-bue.infd.edu.ar\/sitio\/wp-json\/wp\/v2\/users\/1287"}],"replies":[{"embeddable":true,"href":"https:\/\/isfd77-bue.infd.edu.ar\/sitio\/wp-json\/wp\/v2\/comments?post=896"}],"version-history":[{"count":2,"href":"https:\/\/isfd77-bue.infd.edu.ar\/sitio\/wp-json\/wp\/v2\/posts\/896\/revisions"}],"predecessor-version":[{"id":898,"href":"https:\/\/isfd77-bue.infd.edu.ar\/sitio\/wp-json\/wp\/v2\/posts\/896\/revisions\/898"}],"wp:attachment":[{"href":"https:\/\/isfd77-bue.infd.edu.ar\/sitio\/wp-json\/wp\/v2\/media?parent=896"}],"wp:term":[{"taxonomy":"category","embeddable":true,"href":"https:\/\/isfd77-bue.infd.edu.ar\/sitio\/wp-json\/wp\/v2\/categories?post=896"},{"taxonomy":"post_tag","embeddable":true,"href":"https:\/\/isfd77-bue.infd.edu.ar\/sitio\/wp-json\/wp\/v2\/tags?post=896"}],"curies":[{"name":"wp","href":"https:\/\/api.w.org\/{rel}","templated":true}]}}