{"id":951,"date":"2019-05-20T21:28:41","date_gmt":"2019-05-21T00:28:41","guid":{"rendered":"https:\/\/isfd77-bue.infd.edu.ar\/sitio\/?p=951"},"modified":"2019-05-20T21:28:41","modified_gmt":"2019-05-21T00:28:41","slug":"propuestas-de-nombre-para-el-instituto","status":"publish","type":"post","link":"https:\/\/isfd77-bue.infd.edu.ar\/sitio\/propuestas-de-nombre-para-el-instituto\/","title":{"rendered":"PROPUESTAS DE NOMBRE PARA EL INSTITUTO"},"content":{"rendered":"<p><strong><u>PROPUESTAS DE NOMBRES PARA EL INSTITUTO<\/u><\/strong><\/p>\n<p><strong><em>\u00a0Durante el per\u00edodo que va desde el 20\/5\/2019 hasta el 18\/6\/2019 se exhibir\u00e1n los nombres que fueron sugeridos por miembros de la comunidad educativa para el ISFD y T N\u00ba 77.<\/em><\/strong><\/p>\n<p><strong><em>\u00a0Ser\u00e1 un per\u00edodo de b\u00fasqueda de informaci\u00f3n, toma de decisiones, debate, acuerdos y desacuerdos en un marco de di\u00e1logo y respeto.<\/em><\/strong><\/p>\n<p><strong><em>\u00a0Al finalizar se votar\u00e1 durante los tres d\u00edas h\u00e1biles siguientes en cada sede. Los tres nombres m\u00e1s votados se enviar\u00e1n a D.G. de C. y E.\u00a0 para que all\u00ed propongan cu\u00e1l quedar\u00e1.<\/em><\/strong><\/p>\n<p><strong><em>\u00a0Esperamos que estas jornadas se vivan con intensidad, alegr\u00eda y sentido de comunidad.<\/em><\/strong><\/p>\n<p><strong><em>\u00a0Contamos con la participaci\u00f3n de todas y todos.<\/em><\/strong><\/p>\n<p style=\"text-align: right;\"><strong><em>DIRECCI\u00d3N ISFD Y T 77<\/em><\/strong><\/p>\n<p><strong><u>PROPUESTAS:<\/u><\/strong><\/p>\n<ul>\n<li><strong>CARLOS FUENTEALBA<\/strong><\/li>\n<li><strong>CLAUDIO HUGO LEPRATTI<\/strong><\/li>\n<li><strong>DR. REN\u00c9 FAVALORO<\/strong><\/li>\n<li><strong>JUANA AZURDUY<\/strong><\/li>\n<li><strong>JUANA MANSO<\/strong><\/li>\n<li><strong>JUAN MANUEL BELGRANO<\/strong><\/li>\n<li><strong>LOANA BERKINS<\/strong><\/li>\n<li><strong>LUCA CUENCA<\/strong><\/li>\n<li><strong>MAESTRO LUIS IGLESIAS<\/strong><\/li>\n<li><strong>MACACHA G\u00dcEMES<\/strong><\/li>\n<li><strong>MADRES DE LA PLAZA<\/strong><\/li>\n<li><strong>OLGA Y LETICIA COSSETTINI<\/strong><\/li>\n<li><strong>OSVALDO BAYER<\/strong><\/li>\n<li><strong>RODOLFO WALSH<\/strong><\/li>\n<li><strong>RA\u00daL ALFONS\u00cdN<\/strong><\/li>\n<\/ul>\n","protected":false},"excerpt":{"rendered":"<p>PROPUESTAS DE NOMBRES PARA EL INSTITUTO \u00a0Durante el per\u00edodo que va desde el 20\/5\/2019 hasta el 18\/6\/2019 se exhibir\u00e1n los nombres que fueron sugeridos por miembros de la comunidad educativa para el ISFD y T N\u00ba 77. \u00a0Ser\u00e1 un per\u00edodo de b\u00fasqueda de informaci\u00f3n, toma de decisiones, debate, acuerdos y desacuerdos en un marco de &#8230; <a title=\"PROPUESTAS DE NOMBRE PARA EL INSTITUTO\" class=\"read-more\" href=\"https:\/\/isfd77-bue.infd.edu.ar\/sitio\/propuestas-de-nombre-para-el-instituto\/\" aria-label=\"More on PROPUESTAS DE NOMBRE PARA EL INSTITUTO\">[+]<\/a><\/p>\n","protected":false},"author":1287,"featured_media":0,"comment_status":"open","ping_status":"open","sticky":false,"template":"","format":"standard","meta":[],"categories":[8,7,6],"tags":[],"acf":[],"_links":{"self":[{"href":"https:\/\/isfd77-bue.infd.edu.ar\/sitio\/wp-json\/wp\/v2\/posts\/951"}],"collection":[{"href":"https:\/\/isfd77-bue.infd.edu.ar\/sitio\/wp-json\/wp\/v2\/posts"}],"about":[{"href":"https:\/\/isfd77-bue.infd.edu.ar\/sitio\/wp-json\/wp\/v2\/types\/post"}],"author":[{"embeddable":true,"href":"https:\/\/isfd77-bue.infd.edu.ar\/sitio\/wp-json\/wp\/v2\/users\/1287"}],"replies":[{"embeddable":true,"href":"https:\/\/isfd77-bue.infd.edu.ar\/sitio\/wp-json\/wp\/v2\/comments?post=951"}],"version-history":[{"count":2,"href":"https:\/\/isfd77-bue.infd.edu.ar\/sitio\/wp-json\/wp\/v2\/posts\/951\/revisions"}],"predecessor-version":[{"id":953,"href":"https:\/\/isfd77-bue.infd.edu.ar\/sitio\/wp-json\/wp\/v2\/posts\/951\/revisions\/953"}],"wp:attachment":[{"href":"https:\/\/isfd77-bue.infd.edu.ar\/sitio\/wp-json\/wp\/v2\/media?parent=951"}],"wp:term":[{"taxonomy":"category","embeddable":true,"href":"https:\/\/isfd77-bue.infd.edu.ar\/sitio\/wp-json\/wp\/v2\/categories?post=951"},{"taxonomy":"post_tag","embeddable":true,"href":"https:\/\/isfd77-bue.infd.edu.ar\/sitio\/wp-json\/wp\/v2\/tags?post=951"}],"curies":[{"name":"wp","href":"https:\/\/api.w.org\/{rel}","templated":true}]}}