{"id":959,"date":"2019-06-25T10:33:21","date_gmt":"2019-06-25T13:33:21","guid":{"rendered":"https:\/\/isfd77-bue.infd.edu.ar\/sitio\/?p=959"},"modified":"2019-06-25T10:36:20","modified_gmt":"2019-06-25T13:36:20","slug":"hoy-se-abren-urnas-de-votos-por-nombre-para-el-instituto","status":"publish","type":"post","link":"https:\/\/isfd77-bue.infd.edu.ar\/sitio\/hoy-se-abren-urnas-de-votos-por-nombre-para-el-instituto\/","title":{"rendered":"Hoy se abren urnas de votos por nombre para el Instituto"},"content":{"rendered":"<p>Despu\u00e9s de un largo proceso y de 3 d\u00edas de votaci\u00f3n en todas las sedes, hoy se abren las urnas para conocer los tres nombres m\u00e1s votados que se elevar\u00e1n por v\u00eda jer\u00e1rquica.<\/p>\n<p>El acto se realizar\u00e1 a las 20 horas en Sede Francia.<\/p>\n","protected":false},"excerpt":{"rendered":"<p>Despu\u00e9s de un largo proceso y de 3 d\u00edas de votaci\u00f3n en todas las sedes, hoy se abren las urnas para conocer los tres nombres m\u00e1s votados que se elevar\u00e1n por v\u00eda jer\u00e1rquica. El acto se realizar\u00e1 a las 20 horas en Sede Francia.<\/p>\n","protected":false},"author":1287,"featured_media":0,"comment_status":"open","ping_status":"open","sticky":false,"template":"","format":"standard","meta":[],"categories":[1],"tags":[],"acf":[],"_links":{"self":[{"href":"https:\/\/isfd77-bue.infd.edu.ar\/sitio\/wp-json\/wp\/v2\/posts\/959"}],"collection":[{"href":"https:\/\/isfd77-bue.infd.edu.ar\/sitio\/wp-json\/wp\/v2\/posts"}],"about":[{"href":"https:\/\/isfd77-bue.infd.edu.ar\/sitio\/wp-json\/wp\/v2\/types\/post"}],"author":[{"embeddable":true,"href":"https:\/\/isfd77-bue.infd.edu.ar\/sitio\/wp-json\/wp\/v2\/users\/1287"}],"replies":[{"embeddable":true,"href":"https:\/\/isfd77-bue.infd.edu.ar\/sitio\/wp-json\/wp\/v2\/comments?post=959"}],"version-history":[{"count":4,"href":"https:\/\/isfd77-bue.infd.edu.ar\/sitio\/wp-json\/wp\/v2\/posts\/959\/revisions"}],"predecessor-version":[{"id":966,"href":"https:\/\/isfd77-bue.infd.edu.ar\/sitio\/wp-json\/wp\/v2\/posts\/959\/revisions\/966"}],"wp:attachment":[{"href":"https:\/\/isfd77-bue.infd.edu.ar\/sitio\/wp-json\/wp\/v2\/media?parent=959"}],"wp:term":[{"taxonomy":"category","embeddable":true,"href":"https:\/\/isfd77-bue.infd.edu.ar\/sitio\/wp-json\/wp\/v2\/categories?post=959"},{"taxonomy":"post_tag","embeddable":true,"href":"https:\/\/isfd77-bue.infd.edu.ar\/sitio\/wp-json\/wp\/v2\/tags?post=959"}],"curies":[{"name":"wp","href":"https:\/\/api.w.org\/{rel}","templated":true}]}}