{"id":962,"date":"2019-06-25T10:35:44","date_gmt":"2019-06-25T13:35:44","guid":{"rendered":"https:\/\/isfd77-bue.infd.edu.ar\/sitio\/?p=962"},"modified":"2019-06-25T10:35:44","modified_gmt":"2019-06-25T13:35:44","slug":"apertura-convocatoria-ayudante-de-catedra","status":"publish","type":"post","link":"https:\/\/isfd77-bue.infd.edu.ar\/sitio\/apertura-convocatoria-ayudante-de-catedra\/","title":{"rendered":"Apertura convocatoria ayudante de c\u00e1tedra"},"content":{"rendered":"<p>Se da a difusi\u00f3n la apertura de convocatoria para ayudante de c\u00e1tedra para Pr\u00e1ctica 3 de la Carrera \u00abComunicaci\u00f3n social para el desarrollo\u00bb.<\/p>\n<p>Se adjuntan condiciones<\/p>\n<p><a href=\"https:\/\/isfd77-bue.infd.edu.ar\/sitio\/wp-content\/uploads\/2019\/06\/ISFDyT-N\u00ba-77-Pr\u00e1ctica-Comu.docx\">ISFDyT N\u00ba 77 Pr\u00e1ctica Comu<\/a><\/p>\n","protected":false},"excerpt":{"rendered":"<p>Se da a difusi\u00f3n la apertura de convocatoria para ayudante de c\u00e1tedra para Pr\u00e1ctica 3 de la Carrera \u00abComunicaci\u00f3n social para el desarrollo\u00bb. Se adjuntan condiciones ISFDyT N\u00ba 77 Pr\u00e1ctica Comu<\/p>\n","protected":false},"author":1287,"featured_media":0,"comment_status":"open","ping_status":"open","sticky":false,"template":"","format":"standard","meta":[],"categories":[8,6],"tags":[],"acf":[],"_links":{"self":[{"href":"https:\/\/isfd77-bue.infd.edu.ar\/sitio\/wp-json\/wp\/v2\/posts\/962"}],"collection":[{"href":"https:\/\/isfd77-bue.infd.edu.ar\/sitio\/wp-json\/wp\/v2\/posts"}],"about":[{"href":"https:\/\/isfd77-bue.infd.edu.ar\/sitio\/wp-json\/wp\/v2\/types\/post"}],"author":[{"embeddable":true,"href":"https:\/\/isfd77-bue.infd.edu.ar\/sitio\/wp-json\/wp\/v2\/users\/1287"}],"replies":[{"embeddable":true,"href":"https:\/\/isfd77-bue.infd.edu.ar\/sitio\/wp-json\/wp\/v2\/comments?post=962"}],"version-history":[{"count":1,"href":"https:\/\/isfd77-bue.infd.edu.ar\/sitio\/wp-json\/wp\/v2\/posts\/962\/revisions"}],"predecessor-version":[{"id":965,"href":"https:\/\/isfd77-bue.infd.edu.ar\/sitio\/wp-json\/wp\/v2\/posts\/962\/revisions\/965"}],"wp:attachment":[{"href":"https:\/\/isfd77-bue.infd.edu.ar\/sitio\/wp-json\/wp\/v2\/media?parent=962"}],"wp:term":[{"taxonomy":"category","embeddable":true,"href":"https:\/\/isfd77-bue.infd.edu.ar\/sitio\/wp-json\/wp\/v2\/categories?post=962"},{"taxonomy":"post_tag","embeddable":true,"href":"https:\/\/isfd77-bue.infd.edu.ar\/sitio\/wp-json\/wp\/v2\/tags?post=962"}],"curies":[{"name":"wp","href":"https:\/\/api.w.org\/{rel}","templated":true}]}}